{"id":5000,"date":"2019-06-25T15:57:59","date_gmt":"2019-06-25T14:57:59","guid":{"rendered":"https:\/\/hrdmemorial.org\/es\/guatemala-informe-anual-udefegua-2018-registra-392-agresiones-contra-defensores-as\/"},"modified":"2019-06-25T15:57:59","modified_gmt":"2019-06-25T14:57:59","slug":"guatemala-informe-anual-udefegua-2018-registra-392-agresiones-contra-defensores-as","status":"publish","type":"post","link":"https:\/\/hrdmemorial.org\/es\/guatemala-informe-anual-udefegua-2018-registra-392-agresiones-contra-defensores-as\/","title":{"rendered":"Guatemala: Informe Anual UDEFEGUA 2018 Registra 392 Agresiones Contra Defensores\/as"},"content":{"rendered":"<p><span style=\"font-family: Arial, sans-serif;\"><span style=\"font-size: medium;\">El escenario registrado en 2018, en cuanto al retroceso democr\u00e1tico y de derechos humanos, ha implicado un agravamiento de agresiones a personas defensoras de derechos humanos. La Unidad de Protecci\u00f3n a Defensoras y Defensores de Dere<\/span><\/span><span style=\"font-family: Arial, sans-serif;\"><span style=\"font-size: medium;\">chos Humanos &#8211; Guatemala (UDEFEGUA) ha registrado un total de 392 agresiones contra defensoras y defensores de derechos humanos.<\/span><\/span><\/p>\n<p><span style=\"font-family: Arial, sans-serif;\"><span style=\"font-size: medium;\">Un hecho en extremo preocupante, es la cantidad de 26 asesinatos en contra de personas defensoras de derechos humanos, de las cuales 21 se registraron con mayor intensidad a partir de mayo. A esta barbarie, habr\u00e1 que sumar los 18 intentos de asesinatos registrados en el 2018. De esa cuenta, para la UDEFEGUA resulta una alerta muy grave, que los asesinatos e intentos de asesinatos representen el 11.22% de la totalidad de agresiones registradas en el a\u00f1o.<\/span><\/span><\/p>\n<p><span style=\"font-family: Arial, sans-serif;\"><span style=\"font-size: medium;\">Un escenario similar de desborde de la violencia extrema contra las personas defensoras de derechos humanos, s\u00f3lo tiene su parang\u00f3n en el 2011 cuando la cifra de asesinatos super\u00f3 tambi\u00e9n los 50 cr\u00edmenes.<\/span><\/span><\/p>\n<p><img loading=\"lazy\" decoding=\"async\" class=\"size-medium wp-image-6281 aligncenter\" src=\"https:\/\/hrdmemorial.org\/wp-content\/uploads\/2019\/06\/Cover-UDEFEGUA-Annual-Report-D93CU_fXoAYxldc.pnglarge-309x400.png\" alt=\"\" width=\"309\" height=\"400\" \/><\/p>\n<p><span style=\"font-family: Arial, sans-serif;\"><span style=\"font-size: medium;\">La Unidad de Protecci\u00f3n a Defensoras y Defensores de Derechos Humanos -Guatemala (UDEFEGUA) presenta el Informe de situaci\u00f3n de personas, comunidades y organizaciones defensoras de derechos humanos en 2018. <\/span><\/span><\/p>\n<p><span style=\"font-family: Arial, sans-serif;\"><span style=\"font-size: medium;\">Este informe es el producto del trabajo de las \u00e1reas de la Unidad, que luego de agresiones a defensoras y defensores de derechos humanos, se constituyen a verificar la situaci\u00f3n, acompa\u00f1an la ruta de la denuncia y asisten de diversas maneras a quienes fueron objeto de violencia.<\/span><\/span><\/p>\n<p><span style=\"font-family: Arial, sans-serif;\"><span style=\"font-size: medium;\">Ya son 18 a\u00f1os de publicar informaci\u00f3n respecto a la situaci\u00f3n de quienes desde distintas luchas y resistencias promueven, demandan y defienden derechos humanos de la poblaci\u00f3n guatemalteca; de esta cuenta la UDEFEGUA desea alertar sobre la tendencia de crecimiento de las agresiones a la comunidad de defensoras y defensores de derechos humanos.<\/span><\/span><\/p>\n<p><span style=\"font-family: Arial, sans-serif;\"><span style=\"font-size: medium;\">Este incremento de las agresiones contra personas, organizaciones de defensa y comunidades de derechos humanos, es tambi\u00e9n el reflejo de la emergencia de la defensa de los derechos humanos en el pa\u00eds y junto a ello el crecimiento de las luchas, resistencias y demandas de los Pueblos y comunidades a favor de la construcci\u00f3n de vida digna, democracia, transparencia, libertad, justicia, verdad, inclusi\u00f3n y equidad. <\/span><\/span><\/p>\n<p><span style=\"font-family: Arial, sans-serif;\"><span style=\"font-size: medium;\">De tal cuenta que la UDEFEGUA tambi\u00e9n desea hacer un reconocimiento, a trav\u00e9s de este informe, a todas las personas, colectivos, organizaciones, comunidades, movimientos y Pueblos que d\u00eda a d\u00eda luchan a favor de los derechos humanos, en un marco de adversidad, violencia y represi\u00f3n.<\/span><\/span><\/p>\n<p><span style=\"font-family: Arial, sans-serif;\"><span style=\"font-size: medium;\">Deseamos que la informaci\u00f3n contenida en este informe, tambi\u00e9n sea \u00fatil para la generaci\u00f3n de estrategias y mecanismos de protecci\u00f3n, as\u00ed como acciones de incidencia nacional e internacional.<\/span><\/span><\/p>\n<p><span style=\"font-family: Arial, sans-serif;\"><span style=\"font-size: medium;\">Jorge Santos<\/span><\/span><\/p>\n","protected":false},"excerpt":{"rendered":"<p>El escenario registrado en 2018, en cuanto al retroceso democr\u00e1tico y de derechos humanos, ha implicado un agravamiento de agresiones [&hellip;]<\/p>\n","protected":false},"author":2,"featured_media":0,"comment_status":"closed","ping_status":"closed","sticky":false,"template":"","format":"standard","meta":{"footnotes":""},"categories":[],"tags":[],"class_list":["post-5000","post","type-post","status-publish","format-standard","hentry"],"_links":{"self":[{"href":"https:\/\/hrdmemorial.org\/es\/wp-json\/wp\/v2\/posts\/5000","targetHints":{"allow":["GET"]}}],"collection":[{"href":"https:\/\/hrdmemorial.org\/es\/wp-json\/wp\/v2\/posts"}],"about":[{"href":"https:\/\/hrdmemorial.org\/es\/wp-json\/wp\/v2\/types\/post"}],"author":[{"embeddable":true,"href":"https:\/\/hrdmemorial.org\/es\/wp-json\/wp\/v2\/users\/2"}],"replies":[{"embeddable":true,"href":"https:\/\/hrdmemorial.org\/es\/wp-json\/wp\/v2\/comments?post=5000"}],"version-history":[{"count":0,"href":"https:\/\/hrdmemorial.org\/es\/wp-json\/wp\/v2\/posts\/5000\/revisions"}],"wp:attachment":[{"href":"https:\/\/hrdmemorial.org\/es\/wp-json\/wp\/v2\/media?parent=5000"}],"wp:term":[{"taxonomy":"category","embeddable":true,"href":"https:\/\/hrdmemorial.org\/es\/wp-json\/wp\/v2\/categories?post=5000"},{"taxonomy":"post_tag","embeddable":true,"href":"https:\/\/hrdmemorial.org\/es\/wp-json\/wp\/v2\/tags?post=5000"}],"curies":[{"name":"wp","href":"https:\/\/api.w.org\/{rel}","templated":true}]}}