{"id":5954,"date":"2021-05-04T11:50:40","date_gmt":"2021-05-04T10:50:40","guid":{"rendered":"https:\/\/hrdmemorial.org\/es\/?p=5954"},"modified":"2021-05-04T12:05:48","modified_gmt":"2021-05-04T11:05:48","slug":"boletin-enero-marzo-2021-agresiones-contra-defensors-colombia","status":"publish","type":"post","link":"https:\/\/hrdmemorial.org\/es\/boletin-enero-marzo-2021-agresiones-contra-defensors-colombia\/","title":{"rendered":"BOLET\u00cdN ENERO-MARZO 2021 &#8211; Agresiones contra defensor@s Colombia"},"content":{"rendered":"<p><span style=\"font-family: Liberation Serif, serif;\"><span style=\"font-size: medium;\">Entre enero y marzo del 2021 el Sistema de Informaci\u00f3n sobre Agresiones contra Personas Defensoras de Derechos Humanos -SIADDHH- del socio del proyecto HRD Memorial, <a href=\"https:\/\/somosdefensores.org\/\">El Programa Somos Defensores<\/a>, <strong>confirm\u00f3\u00a0180 agresiones\u00a0contra personas defensoras de derechos humanos en Colombia<\/strong>. Es decir, en promedio\u00a0se cometieron dos agresiones\u00a0diarias\u00a0a trav\u00e9s de distintos tipos de violencia: asesinatos, amenazas,\u00a0atentados, detenciones arbitrarias, judicializaciones, desapariciones forzadas y\u00a0robos de informaci\u00f3n.<\/span><\/span><\/p>\n<p><span style=\"font-family: Liberation Serif, serif;\"><span style=\"font-size: medium;\">La amenaza es la agresi\u00f3n que report\u00f3 el mayor n\u00famero de hechos (125), con un 9% m\u00e1s que en el mismo per\u00edodo de 2020. Por su parte, los atentados (16 hechos) presentaron un incremento del 14% (2 hechos m\u00e1s). Tambi\u00e9n se confirmaron: <strong>asesinatos (28 hechos)<\/strong>, desapariciones forzadas (5 hechos), detenciones arbitrarias (3 hechos), robos de informaci\u00f3n (2 hechos) y judicializaciones (1 hecho).<\/span><\/span><\/p>\n<p><span style=\"font-family: Liberation Serif, serif;\"><span style=\"font-size: medium;\"><strong>Cada 3 d\u00edas fue asesinada una persona defensora en el pa\u00eds.<\/strong> El liderazgo que registra el mayor n\u00famero de asesinatos es el ind\u00edgena, seguido del campesino y el comunitario.<\/span><\/span><\/p>\n<p>&nbsp;<\/p>\n<div>\n<div>\n<div>\n<div>\n<div><img loading=\"lazy\" decoding=\"async\" class=\"alignnone size-full wp-image-5955\" src=\"https:\/\/hrdmemorial.org\/es\/wp-content\/uploads\/sites\/9\/2021\/05\/E-M2021-Boletin.png\" alt=\"Cifras SIADDHH enero - marzo 2021\" width=\"414\" height=\"247\" \/><\/div>\n<\/div>\n<\/div>\n<\/div>\n<\/div>\n<div><b><span style=\"color: #cccccc; font-size: large;\"><a href=\"https:\/\/drive.google.com\/file\/d\/1OCqeVcqkPBYdbNQQNf9XDBTLOrtDKjEa\/view\" target=\"_blank\" rel=\"noopener\">Descarga el bolet\u00edn aqu\u00ed\u00a0<\/a><\/span><\/b><\/div>\n","protected":false},"excerpt":{"rendered":"<p>Entre enero y marzo del 2021 el Sistema de Informaci\u00f3n sobre Agresiones contra Personas Defensoras de Derechos Humanos -SIADDHH- del [&hellip;]<\/p>\n","protected":false},"author":60,"featured_media":0,"comment_status":"closed","ping_status":"closed","sticky":false,"template":"","format":"standard","meta":{"footnotes":""},"categories":[1],"tags":[],"class_list":["post-5954","post","type-post","status-publish","format-standard","hentry","category-news"],"_links":{"self":[{"href":"https:\/\/hrdmemorial.org\/es\/wp-json\/wp\/v2\/posts\/5954","targetHints":{"allow":["GET"]}}],"collection":[{"href":"https:\/\/hrdmemorial.org\/es\/wp-json\/wp\/v2\/posts"}],"about":[{"href":"https:\/\/hrdmemorial.org\/es\/wp-json\/wp\/v2\/types\/post"}],"author":[{"embeddable":true,"href":"https:\/\/hrdmemorial.org\/es\/wp-json\/wp\/v2\/users\/60"}],"replies":[{"embeddable":true,"href":"https:\/\/hrdmemorial.org\/es\/wp-json\/wp\/v2\/comments?post=5954"}],"version-history":[{"count":0,"href":"https:\/\/hrdmemorial.org\/es\/wp-json\/wp\/v2\/posts\/5954\/revisions"}],"wp:attachment":[{"href":"https:\/\/hrdmemorial.org\/es\/wp-json\/wp\/v2\/media?parent=5954"}],"wp:term":[{"taxonomy":"category","embeddable":true,"href":"https:\/\/hrdmemorial.org\/es\/wp-json\/wp\/v2\/categories?post=5954"},{"taxonomy":"post_tag","embeddable":true,"href":"https:\/\/hrdmemorial.org\/es\/wp-json\/wp\/v2\/tags?post=5954"}],"curies":[{"name":"wp","href":"https:\/\/api.w.org\/{rel}","templated":true}]}}