{"id":4171,"date":"2018-07-31T11:28:43","date_gmt":"2018-07-31T10:28:43","guid":{"rendered":"https:\/\/hrdmemorial.org\/pt\/colombia-stunning-visualisation-of-killings-of-social-leaders-between-january-2016-and-july-2018\/"},"modified":"2019-01-14T15:37:11","modified_gmt":"2019-01-14T15:37:11","slug":"colombia-stunning-visualisation-of-killings-of-social-leaders-between-january-2016-and-july-2018","status":"publish","type":"post","link":"https:\/\/hrdmemorial.org\/pt\/colombia-stunning-visualisation-of-killings-of-social-leaders-between-january-2016-and-july-2018\/","title":{"rendered":"Colombia: Stunning visualisation of killings of social leaders between January 2016 and July 2018"},"content":{"rendered":"<p><a class=\"yt-simple-endpoint style-scope ytd-video-owner-renderer\" href=\"https:\/\/www.youtube.com\/user\/PacarinaMediaLab\" aria-label=\"Pacarina Media Lab\"><img decoding=\"async\" id=\"img\" class=\"style-scope yt-img-shadow\" src=\"https:\/\/yt3.ggpht.com\/a-\/ACSszfFw2jR9wNGsKQLcokOKPjkBN3Qu_1Jnqr7HMQ=s48-mo-c-c0xffffffff-rj-k-no\" alt=\"\" width=\"48\" \/><\/a><\/p>\n<div id=\"upload-info\" class=\"style-scope ytd-video-owner-renderer\">\n<div id=\"owner-container\" class=\"style-scope ytd-video-owner-renderer\"><a class=\"yt-simple-endpoint style-scope yt-formatted-string\" spellcheck=\"false\" href=\"https:\/\/www.youtube.com\/channel\/UChpU1oEOGC7sx9onbmLs3gg\">Pacarina Media Lab<\/a><\/div>\n<p><span class=\"date style-scope ytd-video-secondary-info-renderer\">Published on Jul 25, 2018<\/span><\/p>\n<\/div>\n<div id=\"sponsor-button\" class=\"style-scope ytd-video-owner-renderer\"><\/div>\n<div id=\"subscribe-button\" class=\"style-scope ytd-video-secondary-info-renderer\">\n<p><iframe loading=\"lazy\" width=\"1110\" height=\"624\" src=\"https:\/\/www.youtube.com\/embed\/FsR_IVHTt3g?feature=oembed\" frameborder=\"0\" allow=\"autoplay; encrypted-media\" allowfullscreen><\/iframe><\/p>\n<\/div>\n<div id=\"top-row\" class=\"style-scope ytd-video-secondary-info-renderer\">\n<div id=\"subscribe-button\" class=\"style-scope ytd-video-secondary-info-renderer\"><\/div>\n<\/div>\n<div id=\"content\" class=\"style-scope ytd-expander\">Visualizaci\u00f3n geogr\u00e1fica del asesinato de l\u00edderes sociales en Colombia entre enero de 2016 y Julio de 2018, a partir de datos recolectados en sitios Web de diversos medios de comunicaci\u00f3n, tomando como base la informaci\u00f3n publicada por el programa Somos Defensores <a class=\"yt-simple-endpoint style-scope yt-formatted-string\" spellcheck=\"false\" href=\"https:\/\/www.youtube.com\/redirect?q=https%3A%2F%2Fsomosdefensores.org&amp;event=video_description&amp;v=FsR_IVHTt3g&amp;redir_token=Sc4gwgdTA3x8r-ePGi7fTsDpDeN8MTUzMzExNTkwM0AxNTMzMDI5NTAz\">https:\/\/somosdefensores.org<\/a> y el portal Verdad Abierta<\/div>\n<div><\/div>\n<div><\/div>\n<div class=\"style-scope ytd-expander\"><a class=\"yt-simple-endpoint style-scope yt-formatted-string\" spellcheck=\"false\" href=\"https:\/\/www.youtube.com\/redirect?q=https%3A%2F%2Fverdadabierta.com&amp;event=video_description&amp;v=FsR_IVHTt3g&amp;redir_token=Sc4gwgdTA3x8r-ePGi7fTsDpDeN8MTUzMzExNTkwM0AxNTMzMDI5NTAz\">https:\/\/verdadabierta.com<\/a> Herramientas: vue.js y d3.js con interacci\u00f3n en el navegador. Data visualization project that shows the geographic location of the murder of social leaders in Colombia between January 2016 and July 2018, based on data collected from news websites and the information published by &#8220;Somos Defensores&#8221;<\/div>\n<div><\/div>\n<div><\/div>\n<div class=\"style-scope ytd-expander\"><a class=\"yt-simple-endpoint style-scope yt-formatted-string\" spellcheck=\"false\" href=\"https:\/\/www.youtube.com\/redirect?q=https%3A%2F%2Fsomosdefensores.org&amp;event=video_description&amp;v=FsR_IVHTt3g&amp;redir_token=Sc4gwgdTA3x8r-ePGi7fTsDpDeN8MTUzMzExNTkwM0AxNTMzMDI5NTAz\">https:\/\/somosdefensores.org<\/a> and &#8220;Verdad Abierta&#8221; <a class=\"yt-simple-endpoint style-scope yt-formatted-string\" spellcheck=\"false\" href=\"https:\/\/www.youtube.com\/redirect?q=https%3A%2F%2Fverdadabierta.com&amp;event=video_description&amp;v=FsR_IVHTt3g&amp;redir_token=Sc4gwgdTA3x8r-ePGi7fTsDpDeN8MTUzMzExNTkwM0AxNTMzMDI5NTAz\">https:\/\/verdadabierta.com<\/a> Tools: vue.js and d3.js so it is an interactive infographic to be used in the browser Created by Pacarina Media Lab <a class=\"yt-simple-endpoint style-scope yt-formatted-string\" spellcheck=\"false\" href=\"https:\/\/www.youtube.com\/redirect?q=http%3A%2F%2Fwww.pacarina.com&amp;event=video_description&amp;v=FsR_IVHTt3g&amp;redir_token=Sc4gwgdTA3x8r-ePGi7fTsDpDeN8MTUzMzExNTkwM0AxNTMzMDI5NTAz\">http:\/\/www.pacarina.com<\/a><\/div>\n<div><\/div>\n<div class=\"style-scope ytd-expander\">Music by Paul Kraemer.<\/div>\n","protected":false},"excerpt":{"rendered":"<p>Pacarina Media Lab Published on Jul 25, 2018 Visualizaci\u00f3n geogr\u00e1fica del asesinato de l\u00edderes sociales en Colombia entre enero de [&hellip;]<\/p>\n","protected":false},"author":2,"featured_media":0,"comment_status":"closed","ping_status":"closed","sticky":false,"template":"","format":"standard","meta":{"footnotes":""},"categories":[1],"tags":[],"class_list":["post-4171","post","type-post","status-publish","format-standard","hentry","category-news"],"_links":{"self":[{"href":"https:\/\/hrdmemorial.org\/pt\/wp-json\/wp\/v2\/posts\/4171","targetHints":{"allow":["GET"]}}],"collection":[{"href":"https:\/\/hrdmemorial.org\/pt\/wp-json\/wp\/v2\/posts"}],"about":[{"href":"https:\/\/hrdmemorial.org\/pt\/wp-json\/wp\/v2\/types\/post"}],"author":[{"embeddable":true,"href":"https:\/\/hrdmemorial.org\/pt\/wp-json\/wp\/v2\/users\/2"}],"replies":[{"embeddable":true,"href":"https:\/\/hrdmemorial.org\/pt\/wp-json\/wp\/v2\/comments?post=4171"}],"version-history":[{"count":0,"href":"https:\/\/hrdmemorial.org\/pt\/wp-json\/wp\/v2\/posts\/4171\/revisions"}],"wp:attachment":[{"href":"https:\/\/hrdmemorial.org\/pt\/wp-json\/wp\/v2\/media?parent=4171"}],"wp:term":[{"taxonomy":"category","embeddable":true,"href":"https:\/\/hrdmemorial.org\/pt\/wp-json\/wp\/v2\/categories?post=4171"},{"taxonomy":"post_tag","embeddable":true,"href":"https:\/\/hrdmemorial.org\/pt\/wp-json\/wp\/v2\/tags?post=4171"}],"curies":[{"name":"wp","href":"https:\/\/api.w.org\/{rel}","templated":true}]}}